{"id":52369,"date":"2023-12-27T14:13:59","date_gmt":"2023-12-27T11:13:59","guid":{"rendered":"https:\/\/sgdd.org.tr\/a-new-era-at-asam-expanding-areas-of-activity-were-introduced-at-the-launch-event\/"},"modified":"2023-12-27T14:50:57","modified_gmt":"2023-12-27T11:50:57","slug":"a-new-era-at-asam-expanding-areas-of-activity-were-introduced-at-the-launch-event","status":"publish","type":"post","link":"https:\/\/sgdd.org.tr\/en\/a-new-era-at-asam-expanding-areas-of-activity-were-introduced-at-the-launch-event\/","title":{"rendered":"A New Era at ASAM: Expanding Areas of Activity were Introduced at the Launch Event"},"content":{"rendered":"\n<p>Maintaining its leading position among NGOs as the first local association to operate in the field of asylum since 1995, ASAM enhanced and extended its 28 years of experience in the field of migration by including various areas that cross-cut migration.<\/p>\n\n<p>ASAM Executive Director \u0130brahim Vurgun Kavlak, who spoke at the launch meeting held with the attendance of the implementing partners of the Association, including representatives from embassies, international institutions and civil society organizations, indicated that T\u00fcrkiye is located in a geographical region where there is a significant level of human mobility due to its position. Kavlak expressed, \u201ctaking initiative in the face of human mobility stemming from various reasons, ASAM has found it necessary to expand its areas of activity\u201d. <\/p>\n\n<figure class=\"wp-block-image size-large is-resized\"><img fetchpriority=\"high\" decoding=\"async\" width=\"1024\" height=\"683\" src=\"https:\/\/sgdd.org.tr\/wp-content\/uploads\/2023\/12\/BEK_7032_comp-1024x683.webp\" alt=\"ASAM Deputy Executive Director Buket Bahar D&#x131;vrak \" class=\"wp-image-52337\" style=\"width:840px;height:auto\" srcset=\"https:\/\/sgdd.org.tr\/wp-content\/uploads\/2023\/12\/BEK_7032_comp-1024x683.webp 1024w, https:\/\/sgdd.org.tr\/wp-content\/uploads\/2023\/12\/BEK_7032_comp-300x200.webp 300w, https:\/\/sgdd.org.tr\/wp-content\/uploads\/2023\/12\/BEK_7032_comp-768x513.webp 768w, https:\/\/sgdd.org.tr\/wp-content\/uploads\/2023\/12\/BEK_7032_comp-1536x1025.webp 1536w, https:\/\/sgdd.org.tr\/wp-content\/uploads\/2023\/12\/BEK_7032_comp.webp 1840w\" sizes=\"(max-width: 1024px) 100vw, 1024px\" \/><figcaption class=\"wp-element-caption\">ASAM Deputy Executive Director Buket Bahar D\u0131vrak <\/figcaption><\/figure>\n\n<h2 class=\"wp-block-heading\">A More Holistic Approach in Accordance with the Sustainable Development Goals<\/h2>\n\n<p>On the other hand, Deputy Executive Director Buket Bahar D\u0131vrak conveyed that ASAM\u2019s desire to expand its areas of activity not only stemmed from its extensive experience gained over the years, but also from the global, regional and national developments that T\u00fcrkiye and the world is currently facing, in particular, the climate crisis. Explaining that they included the necessary expertise within the organization required for good governance, D\u0131vrak said, \u201cASAM will be providing a more inclusive framework for humanitarian response\u201d.<\/p>\n\n<figure class=\"wp-block-gallery has-nested-images columns-default is-cropped wp-block-gallery-1 is-layout-flex wp-block-gallery-is-layout-flex\">\n<figure class=\"wp-block-image size-large\"><img decoding=\"async\" width=\"1024\" height=\"683\" data-id=\"52352\" data-src=\"https:\/\/sgdd.org.tr\/wp-content\/uploads\/2023\/12\/BEK_6452_comp-1024x683.webp\" alt=\"\" class=\"wp-image-52352 lazyload\" data-srcset=\"https:\/\/sgdd.org.tr\/wp-content\/uploads\/2023\/12\/BEK_6452_comp-1024x683.webp 1024w, https:\/\/sgdd.org.tr\/wp-content\/uploads\/2023\/12\/BEK_6452_comp-300x200.webp 300w, https:\/\/sgdd.org.tr\/wp-content\/uploads\/2023\/12\/BEK_6452_comp-768x513.webp 768w, https:\/\/sgdd.org.tr\/wp-content\/uploads\/2023\/12\/BEK_6452_comp-1536x1025.webp 1536w, https:\/\/sgdd.org.tr\/wp-content\/uploads\/2023\/12\/BEK_6452_comp.webp 1840w\" data-sizes=\"(max-width: 1024px) 100vw, 1024px\" src=\"data:image\/svg+xml;base64,PHN2ZyB3aWR0aD0iMSIgaGVpZ2h0PSIxIiB4bWxucz0iaHR0cDovL3d3dy53My5vcmcvMjAwMC9zdmciPjwvc3ZnPg==\" style=\"--smush-placeholder-width: 1024px; --smush-placeholder-aspect-ratio: 1024\/683;\" \/><\/figure>\n\n\n\n<figure class=\"wp-block-image size-large\"><img decoding=\"async\" width=\"1024\" height=\"683\" data-id=\"52355\" data-src=\"https:\/\/sgdd.org.tr\/wp-content\/uploads\/2023\/12\/BEK_6635_comp-1024x683.webp\" alt=\"\" class=\"wp-image-52355 lazyload\" data-srcset=\"https:\/\/sgdd.org.tr\/wp-content\/uploads\/2023\/12\/BEK_6635_comp-1024x683.webp 1024w, https:\/\/sgdd.org.tr\/wp-content\/uploads\/2023\/12\/BEK_6635_comp-300x200.webp 300w, https:\/\/sgdd.org.tr\/wp-content\/uploads\/2023\/12\/BEK_6635_comp-768x513.webp 768w, https:\/\/sgdd.org.tr\/wp-content\/uploads\/2023\/12\/BEK_6635_comp-1536x1025.webp 1536w, https:\/\/sgdd.org.tr\/wp-content\/uploads\/2023\/12\/BEK_6635_comp.webp 1840w\" data-sizes=\"(max-width: 1024px) 100vw, 1024px\" src=\"data:image\/svg+xml;base64,PHN2ZyB3aWR0aD0iMSIgaGVpZ2h0PSIxIiB4bWxucz0iaHR0cDovL3d3dy53My5vcmcvMjAwMC9zdmciPjwvc3ZnPg==\" style=\"--smush-placeholder-width: 1024px; --smush-placeholder-aspect-ratio: 1024\/683;\" \/><\/figure>\n\n\n\n<figure class=\"wp-block-image size-large\"><img decoding=\"async\" width=\"1024\" height=\"683\" data-id=\"52347\" data-src=\"https:\/\/sgdd.org.tr\/wp-content\/uploads\/2023\/12\/BEK_6983_comp-1-1024x683.webp\" alt=\"\" class=\"wp-image-52347 lazyload\" data-srcset=\"https:\/\/sgdd.org.tr\/wp-content\/uploads\/2023\/12\/BEK_6983_comp-1-1024x683.webp 1024w, https:\/\/sgdd.org.tr\/wp-content\/uploads\/2023\/12\/BEK_6983_comp-1-300x200.webp 300w, https:\/\/sgdd.org.tr\/wp-content\/uploads\/2023\/12\/BEK_6983_comp-1-768x513.webp 768w, https:\/\/sgdd.org.tr\/wp-content\/uploads\/2023\/12\/BEK_6983_comp-1-1536x1025.webp 1536w, https:\/\/sgdd.org.tr\/wp-content\/uploads\/2023\/12\/BEK_6983_comp-1.webp 1840w\" data-sizes=\"(max-width: 1024px) 100vw, 1024px\" src=\"data:image\/svg+xml;base64,PHN2ZyB3aWR0aD0iMSIgaGVpZ2h0PSIxIiB4bWxucz0iaHR0cDovL3d3dy53My5vcmcvMjAwMC9zdmciPjwvc3ZnPg==\" style=\"--smush-placeholder-width: 1024px; --smush-placeholder-aspect-ratio: 1024\/683;\" \/><\/figure>\n<\/figure>\n\n<h2 class=\"wp-block-heading\">\u201cIn Solidarity with All Those in Need of a Helping Hand\u201d<\/h2>\n\n<p>ASAM continues to prioritize the field of migration, in which it has gained extensive experience, as an integral component. Having harnessed through the years a wealth of know-how and accumulated expertise and experience in a variety of fields, including but not limited to protection, needs assessment, education, livelihoods, health, awareness raising, social cohesion, disaster response, and emergency management, which are all essentially related to the main developmental concerns, ASAM also aims to form a more inclusive structure for the operations that will be conducted in the other areas of the development agenda with a rights-based perspective. <\/p>\n\n<figure class=\"wp-block-image size-large\"><img decoding=\"async\" width=\"1024\" height=\"229\" data-src=\"https:\/\/sgdd.org.tr\/wp-content\/uploads\/2023\/12\/neu-logo-1024x229.png\" alt=\"\" class=\"wp-image-52362 lazyload\" data-srcset=\"https:\/\/sgdd.org.tr\/wp-content\/uploads\/2023\/12\/neu-logo-1024x229.png 1024w, https:\/\/sgdd.org.tr\/wp-content\/uploads\/2023\/12\/neu-logo-300x67.png 300w, https:\/\/sgdd.org.tr\/wp-content\/uploads\/2023\/12\/neu-logo-768x172.png 768w, https:\/\/sgdd.org.tr\/wp-content\/uploads\/2023\/12\/neu-logo.png 1300w\" data-sizes=\"(max-width: 1024px) 100vw, 1024px\" src=\"data:image\/svg+xml;base64,PHN2ZyB3aWR0aD0iMSIgaGVpZ2h0PSIxIiB4bWxucz0iaHR0cDovL3d3dy53My5vcmcvMjAwMC9zdmciPjwvc3ZnPg==\" style=\"--smush-placeholder-width: 1024px; --smush-placeholder-aspect-ratio: 1024\/229;\" \/><\/figure>\n\n<h2 class=\"wp-block-heading\">A New Logo, A New Era<\/h2>\n\n<p>ASAM\u2019s new logo has been designed to underline these renewed areas of activity. Each color in the logo represents four main pillars. <\/p>\n\n<p>The blue color in the bottom left of the logo, situated at the base, represents \u201c<strong>migration<\/strong>\u201d, the green color in the bottom right represents \u201c<strong>sustainable development<\/strong>\u201d, the red color in the upper right represents \u201c<strong>humanitarian aid and disaster response<\/strong>\u201d, and the orange color in the upper left represents \u201c<strong>empowerment of vulnerable groups and protection<\/strong>\u201d.<\/p>\n\n<p>By keeping the \u201cProtection\u201d icon denoting two figures that has been used in the center of the logo since 1995, it is emphasized that the Association will continue to build and develop its 30 years of experience.<\/p>\n\n<h2 class=\"wp-block-heading\">Renewed Mission at ASAM Towards 2023 <\/h2>\n\n<p>ASAM intends to expand its experience and knowledge to other geographies with the purpose of mitigating the immediate risks and vulnerabilities while empowering the ones left furthest behind in the longer term. <\/p>\n","protected":false},"excerpt":{"rendered":"<p>Amending its name to Association for Social Development and Aid Mobilization (Sosyal Geli\u015fim ve Dayan\u0131\u015fma Derne\u011fi), ASAM held its launch meeting in Ankara.  <\/p>\n","protected":false},"author":2,"featured_media":52334,"comment_status":"open","ping_status":"closed","sticky":false,"template":"","format":"standard","meta":{"_acf_changed":false,"wds_primary_category":0,"footnotes":""},"categories":[281,297,280],"tags":[519,531,532,451],"class_list":["post-52369","post","type-post","status-publish","format-standard","has-post-thumbnail","hentry","category-announcements","category-news","category-sgdd-asam-en","tag-association-for-social-development-and-aid-mobilization","tag-launch","tag-new-mission","tag-sgdd-asam-en"],"acf":[],"_links":{"self":[{"href":"https:\/\/sgdd.org.tr\/en\/wp-json\/wp\/v2\/posts\/52369","targetHints":{"allow":["GET"]}}],"collection":[{"href":"https:\/\/sgdd.org.tr\/en\/wp-json\/wp\/v2\/posts"}],"about":[{"href":"https:\/\/sgdd.org.tr\/en\/wp-json\/wp\/v2\/types\/post"}],"author":[{"embeddable":true,"href":"https:\/\/sgdd.org.tr\/en\/wp-json\/wp\/v2\/users\/2"}],"replies":[{"embeddable":true,"href":"https:\/\/sgdd.org.tr\/en\/wp-json\/wp\/v2\/comments?post=52369"}],"version-history":[{"count":3,"href":"https:\/\/sgdd.org.tr\/en\/wp-json\/wp\/v2\/posts\/52369\/revisions"}],"predecessor-version":[{"id":52372,"href":"https:\/\/sgdd.org.tr\/en\/wp-json\/wp\/v2\/posts\/52369\/revisions\/52372"}],"wp:featuredmedia":[{"embeddable":true,"href":"https:\/\/sgdd.org.tr\/en\/wp-json\/wp\/v2\/media\/52334"}],"wp:attachment":[{"href":"https:\/\/sgdd.org.tr\/en\/wp-json\/wp\/v2\/media?parent=52369"}],"wp:term":[{"taxonomy":"category","embeddable":true,"href":"https:\/\/sgdd.org.tr\/en\/wp-json\/wp\/v2\/categories?post=52369"},{"taxonomy":"post_tag","embeddable":true,"href":"https:\/\/sgdd.org.tr\/en\/wp-json\/wp\/v2\/tags?post=52369"}],"curies":[{"name":"wp","href":"https:\/\/api.w.org\/{rel}","templated":true}]}}