{"id":53253,"date":"2024-02-26T14:15:30","date_gmt":"2024-02-26T11:15:30","guid":{"rendered":"https:\/\/sgdd.org.tr\/the-winners-of-the-2024-press-photos-of-the-year-received-their-awards\/"},"modified":"2024-02-29T11:20:23","modified_gmt":"2024-02-29T08:20:23","slug":"the-winners-of-the-2024-press-photos-of-the-year-received-their-awards","status":"publish","type":"post","link":"https:\/\/sgdd.org.tr\/en\/the-winners-of-the-2024-press-photos-of-the-year-received-their-awards\/","title":{"rendered":"The Winners of the 2024 Press Photos of the Year received their awards"},"content":{"rendered":"\n<p>The winners of the 2024 Press Photos of the Year Awards, organized by the Photojournalists Association of T\u00fcrkiye, received their awards during a ceremony hosted by the Grand National Assembly of T\u00fcrkiye (TBMM). The Presenter of the ceremony was ASAM Corporate Communications Unit Coordinator Murat Bar\u0131\u015f Koralp.  <\/p>\n\n<p>Photojournalist U\u011fur Y\u0131ld\u0131r\u0131m from Milliyet Newspaper marked significant achievements in the competition. He came in first place in the \u201cEarthquake Series Photography of the Year\u201d and \u201cNature and Environmental Photography of the Year\u201d categories. Y\u0131ld\u0131r\u0131m also won the Association for Social Development and Aid Mobilization (ASAM) Special Award with the photograph he took in Hatay. <\/p>\n\n<figure class=\"wp-block-image size-large\"><img fetchpriority=\"high\" decoding=\"async\" width=\"1024\" height=\"683\" src=\"https:\/\/sgdd.org.tr\/wp-content\/uploads\/2024\/02\/MGK_5754-24de0_comp-1024x683.webp\" alt=\"\" class=\"wp-image-53228\" srcset=\"https:\/\/sgdd.org.tr\/wp-content\/uploads\/2024\/02\/MGK_5754-24de0_comp-1024x683.webp 1024w, https:\/\/sgdd.org.tr\/wp-content\/uploads\/2024\/02\/MGK_5754-24de0_comp-300x200.webp 300w, https:\/\/sgdd.org.tr\/wp-content\/uploads\/2024\/02\/MGK_5754-24de0_comp-768x512.webp 768w, https:\/\/sgdd.org.tr\/wp-content\/uploads\/2024\/02\/MGK_5754-24de0_comp-1536x1024.webp 1536w, https:\/\/sgdd.org.tr\/wp-content\/uploads\/2024\/02\/MGK_5754-24de0_comp-2048x1365.webp 2048w\" sizes=\"(max-width: 1024px) 100vw, 1024px\" \/><\/figure>\n\n<h2 class=\"wp-block-heading\">Mourning and Hope<\/h2>\n\n<p>Depicting mourning and hope together by photographing the couple who got married in Hatay with a wedding ceremony among the ruins with no music 142 days after the earthquake, U\u011fur Y\u0131ld\u0131r\u0131m received his award from ASAM Executive Director \u0130brahim Vurgun Kavlak.   <\/p>\n\n<figure class=\"wp-block-image size-large\"><img decoding=\"async\" width=\"1024\" height=\"571\" data-src=\"https:\/\/sgdd.org.tr\/wp-content\/uploads\/2024\/02\/MGK_6211_comp-1024x571.webp\" alt=\"\" class=\"wp-image-53233 lazyload\" data-srcset=\"https:\/\/sgdd.org.tr\/wp-content\/uploads\/2024\/02\/MGK_6211_comp-1024x571.webp 1024w, https:\/\/sgdd.org.tr\/wp-content\/uploads\/2024\/02\/MGK_6211_comp-300x167.webp 300w, https:\/\/sgdd.org.tr\/wp-content\/uploads\/2024\/02\/MGK_6211_comp-768x428.webp 768w, https:\/\/sgdd.org.tr\/wp-content\/uploads\/2024\/02\/MGK_6211_comp-1536x856.webp 1536w, https:\/\/sgdd.org.tr\/wp-content\/uploads\/2024\/02\/MGK_6211_comp-2048x1142.webp 2048w\" data-sizes=\"(max-width: 1024px) 100vw, 1024px\" src=\"data:image\/svg+xml;base64,PHN2ZyB3aWR0aD0iMSIgaGVpZ2h0PSIxIiB4bWxucz0iaHR0cDovL3d3dy53My5vcmcvMjAwMC9zdmciPjwvc3ZnPg==\" style=\"--smush-placeholder-width: 1024px; --smush-placeholder-aspect-ratio: 1024\/571;\" \/><\/figure>\n\n<h2 class=\"wp-block-heading\">Press Photos of the Year<\/h2>\n\n<p>The Press Photos of the Year competition, which continues to be held since 1985 by the Photojournalists Association of T\u00fcrkiye, is a leading event organized in the field of press photography in T\u00fcrkiye. This competition is among the most prestigious awards of the Turkish media and the shots awarded have an importance place in the visual history of T\u00fcrkiye. <\/p>\n\n<p>The awarded photographs reach large audiences and are carried on to the future in a permanent manner through the printed works.  <\/p>\n","protected":false},"excerpt":{"rendered":"<p>The Association for Social Development and Aid Mobilization (ASAM) Special Award went to U\u011fur Y\u0131ld\u0131r\u0131m from Milliyet Newspaper. <\/p>\n","protected":false},"author":2,"featured_media":53240,"comment_status":"open","ping_status":"closed","sticky":false,"template":"","format":"standard","meta":{"_acf_changed":false,"wds_primary_category":0,"footnotes":""},"categories":[280],"tags":[545,544,546],"class_list":["post-53253","post","type-post","status-publish","format-standard","has-post-thumbnail","hentry","category-sgdd-asam-en","tag-tfmd-en","tag-turkiye-foto-muhabirleri-dernegi-en","tag-ugur-yildirim-en"],"acf":[],"_links":{"self":[{"href":"https:\/\/sgdd.org.tr\/en\/wp-json\/wp\/v2\/posts\/53253","targetHints":{"allow":["GET"]}}],"collection":[{"href":"https:\/\/sgdd.org.tr\/en\/wp-json\/wp\/v2\/posts"}],"about":[{"href":"https:\/\/sgdd.org.tr\/en\/wp-json\/wp\/v2\/types\/post"}],"author":[{"embeddable":true,"href":"https:\/\/sgdd.org.tr\/en\/wp-json\/wp\/v2\/users\/2"}],"replies":[{"embeddable":true,"href":"https:\/\/sgdd.org.tr\/en\/wp-json\/wp\/v2\/comments?post=53253"}],"version-history":[{"count":1,"href":"https:\/\/sgdd.org.tr\/en\/wp-json\/wp\/v2\/posts\/53253\/revisions"}],"predecessor-version":[{"id":53254,"href":"https:\/\/sgdd.org.tr\/en\/wp-json\/wp\/v2\/posts\/53253\/revisions\/53254"}],"wp:featuredmedia":[{"embeddable":true,"href":"https:\/\/sgdd.org.tr\/en\/wp-json\/wp\/v2\/media\/53240"}],"wp:attachment":[{"href":"https:\/\/sgdd.org.tr\/en\/wp-json\/wp\/v2\/media?parent=53253"}],"wp:term":[{"taxonomy":"category","embeddable":true,"href":"https:\/\/sgdd.org.tr\/en\/wp-json\/wp\/v2\/categories?post=53253"},{"taxonomy":"post_tag","embeddable":true,"href":"https:\/\/sgdd.org.tr\/en\/wp-json\/wp\/v2\/tags?post=53253"}],"curies":[{"name":"wp","href":"https:\/\/api.w.org\/{rel}","templated":true}]}}